{"id":2226,"date":"2026-08-14T12:08:58","date_gmt":"2026-08-14T12:08:58","guid":{"rendered":"https:\/\/fokus.hi.is\/?p=2226"},"modified":"2026-09-05T13:30:45","modified_gmt":"2026-09-05T13:30:45","slug":"dyrmaet-innsyn-i-reynslu-folks-sem-vill-bua-i-haeglatara-samfelagi","status":"publish","type":"post","link":"https:\/\/fokus.hi.is\/en\/dyrmaet-innsyn-i-reynslu-folks-sem-vill-bua-i-haeglatara-samfelagi\/","title":{"rendered":"Valuable insight into the experience of people that want to live in a more slow-paced community"},"content":{"rendered":"<p>Rannveig \u00c1g\u00fasta Gu\u00f0j\u00f3nsd\u00f3ttir, postdoctoral researcher at the project, has been collecting inverviews with families from around the country. In early summer, she drove around Iceland to inverview people, but she has also gone on shorter excursions to the countryside.<\/p>\n\n\n\n<p>In her drive around Iceland, Rannveig usually conducted several interviews per day, as the project aims to get an insight into the experience of various types of families, in different places.<\/p>\n\n\n\n<p>The highlights of the trip, Rannveig says, are the nature, incredible hospitality and impressive people.<\/p>\n\n\n\n<figure class=\"wp-block-image size-large\"><img fetchpriority=\"high\" decoding=\"async\" width=\"1024\" height=\"1024\" src=\"https:\/\/fokus.hi.is\/wp-content\/uploads\/2026\/09\/rannveigroadtrip-1024x1024.png\" alt=\"\" class=\"wp-image-2230\" srcset=\"https:\/\/fokus.hi.is\/wp-content\/uploads\/2026\/09\/rannveigroadtrip-1024x1024.png 1024w, https:\/\/fokus.hi.is\/wp-content\/uploads\/2026\/09\/rannveigroadtrip-300x300.png 300w, https:\/\/fokus.hi.is\/wp-content\/uploads\/2026\/09\/rannveigroadtrip-150x150.png 150w, https:\/\/fokus.hi.is\/wp-content\/uploads\/2026\/09\/rannveigroadtrip-768x768.png 768w, https:\/\/fokus.hi.is\/wp-content\/uploads\/2026\/09\/rannveigroadtrip-12x12.png 12w, https:\/\/fokus.hi.is\/wp-content\/uploads\/2026\/09\/rannveigroadtrip.png 1080w\" sizes=\"(max-width: 1024px) 100vw, 1024px\" \/><\/figure>\n\n\n\n<blockquote class=\"wp-block-quote is-layout-flow wp-block-quote-is-layout-flow\">\n<p><strong>\"In a few places I was filled with reverence and felt small against the magnificent nature. I felt a real humleness. The mountain views and the country's harshness was such that I perceived my place as a tiny human creature inside this land. Descriptions of family life in these places were also more beautiful than I had expected, as I had prepared myself for stories about living far away from community services. Instead, I heard about the privileges of living in the countryside.\"<\/strong><\/p>\n<\/blockquote>\n\n\n\n<p>Rannveig says she got a valuable insight into the knowledge and experience of people living outside of the capital city of Reykjav\u00edk; of living a more sustainable and slower-paced life, living in a stronger community and even have a more accessible school system. She also says that she often found it regrettable that this knowledge and experience were not put to a better use in the capital.<\/p>\n\n\n\n<p>Rannveig adds:<\/p>\n\n\n\n<blockquote class=\"wp-block-quote is-layout-flow wp-block-quote-is-layout-flow\">\n<p><strong>\"There are so many resourceful people doing their best and paying for it financially and by taking on more workload because they want to live in a slower-paced community and because they want things to be sustainable. Even if it is hard and their kids have to sit on a schoolbus for many hours a day and they are far from all kinds of services. Even if they have to send their teenagers away to get schooling and pay high prices for flying to Reykjav\u00edk for sports events.\"<\/strong><\/p>\n<\/blockquote>\n\n\n\n<p>The data collection has had an obvious impact on Rannveig who says she is \"tired but grateful\".<\/p>\n\n\n\n<blockquote class=\"wp-block-quote is-layout-flow wp-block-quote-is-layout-flow\">\n<p><strong>\"It has taken a lot of drive, in all senses of the word. But it also has been extremely interesting to meet these impressive people in this expressive country.\"<\/strong><\/p>\n<\/blockquote>\n\n\n\n<p><\/p>","protected":false},"excerpt":{"rendered":"<p>Rannveig \u00c1g\u00fasta Gu\u00f0j\u00f3nsd\u00f3ttir n\u00fddoktor vi\u00f0 verkefni\u00f0 hefur s\u00ed\u00f0an \u00ed lok apr\u00edl safna\u00f0 vi\u00f0t\u00f6lum vi\u00f0 fj\u00f6lskyldur v\u00ed\u00f0svegar um landi\u00f0. \u00cd byrjun sumars f\u00f3r h\u00fan hringinn \u00ed kringum landi\u00f0 a\u00f0 taka vi\u00f0t\u00f6l en h\u00fan hefur einnig fari\u00f0 styttri fer\u00f0ir \u00e1 afm\u00f6rku\u00f0 sv\u00e6\u00f0i \u00e1 landsbygg\u00f0inni. Dagskr\u00e1in \u00ed hringfer\u00f0inni var \u00fe\u00e9tt. Rannveig t\u00f3k yfirleitt m\u00f6rg vi\u00f0t\u00f6l \u00e1 dag og [&hellip;]<\/p>\n","protected":false},"author":14,"featured_media":2234,"comment_status":"closed","ping_status":"closed","sticky":false,"template":"","format":"standard","meta":{"_acf_changed":false,"footnotes":""},"categories":[26],"tags":[],"class_list":["post-2226","post","type-post","status-publish","format-standard","has-post-thumbnail","hentry","category-frett"],"acf":[],"aioseo_notices":[],"aioseo_head":"\n\t\t<!-- All in One SEO 5.0.1.1 - aioseo.com -->\n\t<meta name=\"description\" content=\"Rannveig \u00c1g\u00fasta Gu\u00f0j\u00f3nsd\u00f3ttir n\u00fddoktor vi\u00f0 verkefni\u00f0 hefur s\u00ed\u00f0an \u00ed lok apr\u00edl safna\u00f0 vi\u00f0t\u00f6lum vi\u00f0 fj\u00f6lskyldur v\u00ed\u00f0svegar um landi\u00f0. \u00cd byrjun sumars f\u00f3r h\u00fan hringinn \u00ed kringum landi\u00f0 a\u00f0 taka vi\u00f0t\u00f6l en h\u00fan hefur einnig fari\u00f0 styttri fer\u00f0ir \u00e1 afm\u00f6rku\u00f0 sv\u00e6\u00f0i \u00e1 landsbygg\u00f0inni. Dagskr\u00e1in \u00ed hringfer\u00f0inni var \u00fe\u00e9tt. Rannveig t\u00f3k yfirleitt m\u00f6rg vi\u00f0t\u00f6l \u00e1 dag og\" \/>\n\t<meta name=\"robots\" content=\"max-image-preview:large\" \/>\n\t<meta name=\"author\" content=\"Au\u00f0ur A\u00f0alsteinsd\u00f3ttir\"\/>\n\t<link rel=\"canonical\" href=\"https:\/\/fokus.hi.is\/en\/dyrmaet-innsyn-i-reynslu-folks-sem-vill-bua-i-haeglatara-samfelagi\/\" \/>\n\t<meta name=\"generator\" content=\"All in One SEO (AIOSEO) 5.0.1.1\" \/>\n\t\t<meta property=\"og:locale\" content=\"en_GB\" \/>\n\t\t<meta property=\"og:site_name\" content=\"Fokus.hi.is -\" \/>\n\t\t<meta property=\"og:type\" content=\"article\" \/>\n\t\t<meta property=\"og:title\" content=\"D\u00fdrm\u00e6t inns\u00fdn \u00ed reynslu f\u00f3lks sem vill b\u00faa \u00ed h\u00e6gl\u00e1tara samf\u00e9lagi - Fokus.hi.is\" \/>\n\t\t<meta property=\"og:description\" content=\"Rannveig \u00c1g\u00fasta Gu\u00f0j\u00f3nsd\u00f3ttir n\u00fddoktor vi\u00f0 verkefni\u00f0 hefur s\u00ed\u00f0an \u00ed lok apr\u00edl safna\u00f0 vi\u00f0t\u00f6lum vi\u00f0 fj\u00f6lskyldur v\u00ed\u00f0svegar um landi\u00f0. \u00cd byrjun sumars f\u00f3r h\u00fan hringinn \u00ed kringum landi\u00f0 a\u00f0 taka vi\u00f0t\u00f6l en h\u00fan hefur einnig fari\u00f0 styttri fer\u00f0ir \u00e1 afm\u00f6rku\u00f0 sv\u00e6\u00f0i \u00e1 landsbygg\u00f0inni. Dagskr\u00e1in \u00ed hringfer\u00f0inni var \u00fe\u00e9tt. Rannveig t\u00f3k yfirleitt m\u00f6rg vi\u00f0t\u00f6l \u00e1 dag og\" \/>\n\t\t<meta property=\"og:url\" content=\"https:\/\/fokus.hi.is\/en\/dyrmaet-innsyn-i-reynslu-folks-sem-vill-bua-i-haeglatara-samfelagi\/\" \/>\n\t\t<meta property=\"og:image\" content=\"https:\/\/fokus.hi.is\/wp-content\/uploads\/2023\/01\/footer-logo.png\" \/>\n\t\t<meta property=\"og:image:secure_url\" content=\"https:\/\/fokus.hi.is\/wp-content\/uploads\/2023\/01\/footer-logo.png\" \/>\n\t\t<meta property=\"article:published_time\" content=\"2026-08-14T12:08:58+00:00\" \/>\n\t\t<meta property=\"article:modified_time\" content=\"2026-09-05T13:30:45+00:00\" \/>\n\t\t<meta name=\"twitter:card\" content=\"summary_large_image\" \/>\n\t\t<meta name=\"twitter:title\" content=\"D\u00fdrm\u00e6t inns\u00fdn \u00ed reynslu f\u00f3lks sem vill b\u00faa \u00ed h\u00e6gl\u00e1tara samf\u00e9lagi - Fokus.hi.is\" \/>\n\t\t<meta name=\"twitter:description\" content=\"Rannveig \u00c1g\u00fasta Gu\u00f0j\u00f3nsd\u00f3ttir n\u00fddoktor vi\u00f0 verkefni\u00f0 hefur s\u00ed\u00f0an \u00ed lok apr\u00edl safna\u00f0 vi\u00f0t\u00f6lum vi\u00f0 fj\u00f6lskyldur v\u00ed\u00f0svegar um landi\u00f0. \u00cd byrjun sumars f\u00f3r h\u00fan hringinn \u00ed kringum landi\u00f0 a\u00f0 taka vi\u00f0t\u00f6l en h\u00fan hefur einnig fari\u00f0 styttri fer\u00f0ir \u00e1 afm\u00f6rku\u00f0 sv\u00e6\u00f0i \u00e1 landsbygg\u00f0inni. Dagskr\u00e1in \u00ed hringfer\u00f0inni var \u00fe\u00e9tt. Rannveig t\u00f3k yfirleitt m\u00f6rg vi\u00f0t\u00f6l \u00e1 dag og\" \/>\n\t\t<meta name=\"twitter:image\" content=\"https:\/\/fokus.hi.is\/wp-content\/uploads\/2023\/01\/footer-logo.png\" \/>\n\t\t<script type=\"application\/ld+json\" class=\"aioseo-schema\">\n\t\t\t{\"@context\":\"https:\\\/\\\/schema.org\",\"@graph\":[{\"@type\":\"BlogPosting\",\"@id\":\"https:\\\/\\\/fokus.hi.is\\\/en\\\/dyrmaet-innsyn-i-reynslu-folks-sem-vill-bua-i-haeglatara-samfelagi\\\/#blogposting\",\"name\":\"D\\u00fdrm\\u00e6t inns\\u00fdn \\u00ed reynslu f\\u00f3lks sem vill b\\u00faa \\u00ed h\\u00e6gl\\u00e1tara samf\\u00e9lagi - Fokus.hi.is\",\"headline\":\"D\\u00fdrm\\u00e6t inns\\u00fdn \\u00ed reynslu f\\u00f3lks sem vill b\\u00faa \\u00ed h\\u00e6gl\\u00e1tara samf\\u00e9lagi\",\"author\":{\"@id\":\"https:\\\/\\\/fokus.hi.is\\\/en\\\/author\\\/auduradalsteins\\\/#author\"},\"publisher\":{\"@id\":\"https:\\\/\\\/fokus.hi.is\\\/en\\\/#organization\"},\"image\":{\"@type\":\"ImageObject\",\"url\":\"https:\\\/\\\/fokus.hi.is\\\/wp-content\\\/uploads\\\/2026\\\/08\\\/photo-collage.png.png\",\"width\":1080,\"height\":817},\"datePublished\":\"2026-08-14T12:08:58+00:00\",\"dateModified\":\"2026-09-05T13:30:45+00:00\",\"inLanguage\":\"en-GB\",\"mainEntityOfPage\":{\"@id\":\"https:\\\/\\\/fokus.hi.is\\\/en\\\/dyrmaet-innsyn-i-reynslu-folks-sem-vill-bua-i-haeglatara-samfelagi\\\/#webpage\"},\"isPartOf\":{\"@id\":\"https:\\\/\\\/fokus.hi.is\\\/en\\\/dyrmaet-innsyn-i-reynslu-folks-sem-vill-bua-i-haeglatara-samfelagi\\\/#webpage\"},\"articleSection\":\"Fr\\u00e9tt\"},{\"@type\":\"BreadcrumbList\",\"@id\":\"https:\\\/\\\/fokus.hi.is\\\/en\\\/dyrmaet-innsyn-i-reynslu-folks-sem-vill-bua-i-haeglatara-samfelagi\\\/#breadcrumblist\",\"itemListElement\":[{\"@type\":\"ListItem\",\"@id\":\"https:\\\/\\\/fokus.hi.is\\\/en#listItem\",\"position\":1,\"name\":\"Heim\",\"item\":\"https:\\\/\\\/fokus.hi.is\\\/en\",\"nextItem\":{\"@type\":\"ListItem\",\"@id\":\"https:\\\/\\\/fokus.hi.is\\\/en\\\/category\\\/frett\\\/#listItem\",\"name\":\"Fr\\u00e9tt\"}},{\"@type\":\"ListItem\",\"@id\":\"https:\\\/\\\/fokus.hi.is\\\/en\\\/category\\\/frett\\\/#listItem\",\"position\":2,\"name\":\"Fr\\u00e9tt\",\"item\":\"https:\\\/\\\/fokus.hi.is\\\/en\\\/category\\\/frett\\\/\",\"nextItem\":{\"@type\":\"ListItem\",\"@id\":\"https:\\\/\\\/fokus.hi.is\\\/en\\\/dyrmaet-innsyn-i-reynslu-folks-sem-vill-bua-i-haeglatara-samfelagi\\\/#listItem\",\"name\":\"D\\u00fdrm\\u00e6t inns\\u00fdn \\u00ed reynslu f\\u00f3lks sem vill b\\u00faa \\u00ed h\\u00e6gl\\u00e1tara samf\\u00e9lagi\"},\"previousItem\":{\"@type\":\"ListItem\",\"@id\":\"https:\\\/\\\/fokus.hi.is\\\/en#listItem\",\"name\":\"Heim\"}},{\"@type\":\"ListItem\",\"@id\":\"https:\\\/\\\/fokus.hi.is\\\/en\\\/dyrmaet-innsyn-i-reynslu-folks-sem-vill-bua-i-haeglatara-samfelagi\\\/#listItem\",\"position\":3,\"name\":\"D\\u00fdrm\\u00e6t inns\\u00fdn \\u00ed reynslu f\\u00f3lks sem vill b\\u00faa \\u00ed h\\u00e6gl\\u00e1tara samf\\u00e9lagi\",\"previousItem\":{\"@type\":\"ListItem\",\"@id\":\"https:\\\/\\\/fokus.hi.is\\\/en\\\/category\\\/frett\\\/#listItem\",\"name\":\"Fr\\u00e9tt\"}}]},{\"@type\":\"Organization\",\"@id\":\"https:\\\/\\\/fokus.hi.is\\\/en\\\/#organization\",\"name\":\"WP vefir fyrir H\\u00cd\",\"url\":\"https:\\\/\\\/fokus.hi.is\\\/en\\\/\",\"logo\":{\"@type\":\"ImageObject\",\"url\":\"https:\\\/\\\/fokus.hi.is\\\/wp-content\\\/uploads\\\/2023\\\/01\\\/footer-logo.png\",\"@id\":\"https:\\\/\\\/fokus.hi.is\\\/en\\\/dyrmaet-innsyn-i-reynslu-folks-sem-vill-bua-i-haeglatara-samfelagi\\\/#organizationLogo\",\"width\":230,\"height\":114},\"image\":{\"@id\":\"https:\\\/\\\/fokus.hi.is\\\/en\\\/dyrmaet-innsyn-i-reynslu-folks-sem-vill-bua-i-haeglatara-samfelagi\\\/#organizationLogo\"}},{\"@type\":\"Person\",\"@id\":\"https:\\\/\\\/fokus.hi.is\\\/en\\\/author\\\/auduradalsteins\\\/#author\",\"url\":\"https:\\\/\\\/fokus.hi.is\\\/en\\\/author\\\/auduradalsteins\\\/\",\"name\":\"Au\\u00f0ur A\\u00f0alsteinsd\\u00f3ttir\"},{\"@type\":\"WebPage\",\"@id\":\"https:\\\/\\\/fokus.hi.is\\\/en\\\/dyrmaet-innsyn-i-reynslu-folks-sem-vill-bua-i-haeglatara-samfelagi\\\/#webpage\",\"url\":\"https:\\\/\\\/fokus.hi.is\\\/en\\\/dyrmaet-innsyn-i-reynslu-folks-sem-vill-bua-i-haeglatara-samfelagi\\\/\",\"name\":\"D\\u00fdrm\\u00e6t inns\\u00fdn \\u00ed reynslu f\\u00f3lks sem vill b\\u00faa \\u00ed h\\u00e6gl\\u00e1tara samf\\u00e9lagi - Fokus.hi.is\",\"description\":\"Rannveig \\u00c1g\\u00fasta Gu\\u00f0j\\u00f3nsd\\u00f3ttir n\\u00fddoktor vi\\u00f0 verkefni\\u00f0 hefur s\\u00ed\\u00f0an \\u00ed lok apr\\u00edl safna\\u00f0 vi\\u00f0t\\u00f6lum vi\\u00f0 fj\\u00f6lskyldur v\\u00ed\\u00f0svegar um landi\\u00f0. \\u00cd byrjun sumars f\\u00f3r h\\u00fan hringinn \\u00ed kringum landi\\u00f0 a\\u00f0 taka vi\\u00f0t\\u00f6l en h\\u00fan hefur einnig fari\\u00f0 styttri fer\\u00f0ir \\u00e1 afm\\u00f6rku\\u00f0 sv\\u00e6\\u00f0i \\u00e1 landsbygg\\u00f0inni. Dagskr\\u00e1in \\u00ed hringfer\\u00f0inni var \\u00fe\\u00e9tt. Rannveig t\\u00f3k yfirleitt m\\u00f6rg vi\\u00f0t\\u00f6l \\u00e1 dag og\",\"inLanguage\":\"en-GB\",\"isPartOf\":{\"@id\":\"https:\\\/\\\/fokus.hi.is\\\/en\\\/#website\"},\"breadcrumb\":{\"@id\":\"https:\\\/\\\/fokus.hi.is\\\/en\\\/dyrmaet-innsyn-i-reynslu-folks-sem-vill-bua-i-haeglatara-samfelagi\\\/#breadcrumblist\"},\"author\":{\"@id\":\"https:\\\/\\\/fokus.hi.is\\\/en\\\/author\\\/auduradalsteins\\\/#author\"},\"creator\":{\"@id\":\"https:\\\/\\\/fokus.hi.is\\\/en\\\/author\\\/auduradalsteins\\\/#author\"},\"image\":{\"@type\":\"ImageObject\",\"url\":\"https:\\\/\\\/fokus.hi.is\\\/wp-content\\\/uploads\\\/2026\\\/08\\\/photo-collage.png.png\",\"@id\":\"https:\\\/\\\/fokus.hi.is\\\/en\\\/dyrmaet-innsyn-i-reynslu-folks-sem-vill-bua-i-haeglatara-samfelagi\\\/#mainImage\",\"width\":1080,\"height\":817},\"primaryImageOfPage\":{\"@id\":\"https:\\\/\\\/fokus.hi.is\\\/en\\\/dyrmaet-innsyn-i-reynslu-folks-sem-vill-bua-i-haeglatara-samfelagi\\\/#mainImage\"},\"datePublished\":\"2026-08-14T12:08:58+00:00\",\"dateModified\":\"2026-09-05T13:30:45+00:00\"},{\"@type\":\"WebSite\",\"@id\":\"https:\\\/\\\/fokus.hi.is\\\/en\\\/#website\",\"url\":\"https:\\\/\\\/fokus.hi.is\\\/en\\\/\",\"name\":\"WP vefir fyrir H\\u00cd\",\"inLanguage\":\"en-GB\",\"publisher\":{\"@id\":\"https:\\\/\\\/fokus.hi.is\\\/en\\\/#organization\"}}]}\n\t\t<\/script>\n\t\t<!-- All in One SEO -->\n\n","aioseo_head_json":{"title":"D\u00fdrm\u00e6t inns\u00fdn \u00ed reynslu f\u00f3lks sem vill b\u00faa \u00ed h\u00e6gl\u00e1tara samf\u00e9lagi - Fokus.hi.is","description":"Rannveig \u00c1g\u00fasta Gu\u00f0j\u00f3nsd\u00f3ttir n\u00fddoktor vi\u00f0 verkefni\u00f0 hefur s\u00ed\u00f0an \u00ed lok apr\u00edl safna\u00f0 vi\u00f0t\u00f6lum vi\u00f0 fj\u00f6lskyldur v\u00ed\u00f0svegar um landi\u00f0. \u00cd byrjun sumars f\u00f3r h\u00fan hringinn \u00ed kringum landi\u00f0 a\u00f0 taka vi\u00f0t\u00f6l en h\u00fan hefur einnig fari\u00f0 styttri fer\u00f0ir \u00e1 afm\u00f6rku\u00f0 sv\u00e6\u00f0i \u00e1 landsbygg\u00f0inni. Dagskr\u00e1in \u00ed hringfer\u00f0inni var \u00fe\u00e9tt. Rannveig t\u00f3k yfirleitt m\u00f6rg vi\u00f0t\u00f6l \u00e1 dag og","canonical_url":"https:\/\/fokus.hi.is\/en\/dyrmaet-innsyn-i-reynslu-folks-sem-vill-bua-i-haeglatara-samfelagi\/","robots":"max-image-preview:large","keywords":"","webmasterTools":{"miscellaneous":""},"schema":{"@context":"https:\/\/schema.org","@graph":[{"@type":"BlogPosting","@id":"https:\/\/fokus.hi.is\/en\/dyrmaet-innsyn-i-reynslu-folks-sem-vill-bua-i-haeglatara-samfelagi\/#blogposting","name":"D\u00fdrm\u00e6t inns\u00fdn \u00ed reynslu f\u00f3lks sem vill b\u00faa \u00ed h\u00e6gl\u00e1tara samf\u00e9lagi - Fokus.hi.is","headline":"D\u00fdrm\u00e6t inns\u00fdn \u00ed reynslu f\u00f3lks sem vill b\u00faa \u00ed h\u00e6gl\u00e1tara samf\u00e9lagi","author":{"@id":"https:\/\/fokus.hi.is\/en\/author\/auduradalsteins\/#author"},"publisher":{"@id":"https:\/\/fokus.hi.is\/en\/#organization"},"image":{"@type":"ImageObject","url":"https:\/\/fokus.hi.is\/wp-content\/uploads\/2026\/08\/photo-collage.png.png","width":1080,"height":817},"datePublished":"2026-08-14T12:08:58+00:00","dateModified":"2026-09-05T13:30:45+00:00","inLanguage":"en-GB","mainEntityOfPage":{"@id":"https:\/\/fokus.hi.is\/en\/dyrmaet-innsyn-i-reynslu-folks-sem-vill-bua-i-haeglatara-samfelagi\/#webpage"},"isPartOf":{"@id":"https:\/\/fokus.hi.is\/en\/dyrmaet-innsyn-i-reynslu-folks-sem-vill-bua-i-haeglatara-samfelagi\/#webpage"},"articleSection":"Fr\u00e9tt"},{"@type":"BreadcrumbList","@id":"https:\/\/fokus.hi.is\/en\/dyrmaet-innsyn-i-reynslu-folks-sem-vill-bua-i-haeglatara-samfelagi\/#breadcrumblist","itemListElement":[{"@type":"ListItem","@id":"https:\/\/fokus.hi.is\/en#listItem","position":1,"name":"Heim","item":"https:\/\/fokus.hi.is\/en","nextItem":{"@type":"ListItem","@id":"https:\/\/fokus.hi.is\/en\/category\/frett\/#listItem","name":"Fr\u00e9tt"}},{"@type":"ListItem","@id":"https:\/\/fokus.hi.is\/en\/category\/frett\/#listItem","position":2,"name":"Fr\u00e9tt","item":"https:\/\/fokus.hi.is\/en\/category\/frett\/","nextItem":{"@type":"ListItem","@id":"https:\/\/fokus.hi.is\/en\/dyrmaet-innsyn-i-reynslu-folks-sem-vill-bua-i-haeglatara-samfelagi\/#listItem","name":"D\u00fdrm\u00e6t inns\u00fdn \u00ed reynslu f\u00f3lks sem vill b\u00faa \u00ed h\u00e6gl\u00e1tara samf\u00e9lagi"},"previousItem":{"@type":"ListItem","@id":"https:\/\/fokus.hi.is\/en#listItem","name":"Heim"}},{"@type":"ListItem","@id":"https:\/\/fokus.hi.is\/en\/dyrmaet-innsyn-i-reynslu-folks-sem-vill-bua-i-haeglatara-samfelagi\/#listItem","position":3,"name":"D\u00fdrm\u00e6t inns\u00fdn \u00ed reynslu f\u00f3lks sem vill b\u00faa \u00ed h\u00e6gl\u00e1tara samf\u00e9lagi","previousItem":{"@type":"ListItem","@id":"https:\/\/fokus.hi.is\/en\/category\/frett\/#listItem","name":"Fr\u00e9tt"}}]},{"@type":"Organization","@id":"https:\/\/fokus.hi.is\/en\/#organization","name":"WP vefir fyrir H\u00cd","url":"https:\/\/fokus.hi.is\/en\/","logo":{"@type":"ImageObject","url":"https:\/\/fokus.hi.is\/wp-content\/uploads\/2023\/01\/footer-logo.png","@id":"https:\/\/fokus.hi.is\/en\/dyrmaet-innsyn-i-reynslu-folks-sem-vill-bua-i-haeglatara-samfelagi\/#organizationLogo","width":230,"height":114},"image":{"@id":"https:\/\/fokus.hi.is\/en\/dyrmaet-innsyn-i-reynslu-folks-sem-vill-bua-i-haeglatara-samfelagi\/#organizationLogo"}},{"@type":"Person","@id":"https:\/\/fokus.hi.is\/en\/author\/auduradalsteins\/#author","url":"https:\/\/fokus.hi.is\/en\/author\/auduradalsteins\/","name":"Au\u00f0ur A\u00f0alsteinsd\u00f3ttir"},{"@type":"WebPage","@id":"https:\/\/fokus.hi.is\/en\/dyrmaet-innsyn-i-reynslu-folks-sem-vill-bua-i-haeglatara-samfelagi\/#webpage","url":"https:\/\/fokus.hi.is\/en\/dyrmaet-innsyn-i-reynslu-folks-sem-vill-bua-i-haeglatara-samfelagi\/","name":"D\u00fdrm\u00e6t inns\u00fdn \u00ed reynslu f\u00f3lks sem vill b\u00faa \u00ed h\u00e6gl\u00e1tara samf\u00e9lagi - Fokus.hi.is","description":"Rannveig \u00c1g\u00fasta Gu\u00f0j\u00f3nsd\u00f3ttir n\u00fddoktor vi\u00f0 verkefni\u00f0 hefur s\u00ed\u00f0an \u00ed lok apr\u00edl safna\u00f0 vi\u00f0t\u00f6lum vi\u00f0 fj\u00f6lskyldur v\u00ed\u00f0svegar um landi\u00f0. \u00cd byrjun sumars f\u00f3r h\u00fan hringinn \u00ed kringum landi\u00f0 a\u00f0 taka vi\u00f0t\u00f6l en h\u00fan hefur einnig fari\u00f0 styttri fer\u00f0ir \u00e1 afm\u00f6rku\u00f0 sv\u00e6\u00f0i \u00e1 landsbygg\u00f0inni. Dagskr\u00e1in \u00ed hringfer\u00f0inni var \u00fe\u00e9tt. Rannveig t\u00f3k yfirleitt m\u00f6rg vi\u00f0t\u00f6l \u00e1 dag og","inLanguage":"en-GB","isPartOf":{"@id":"https:\/\/fokus.hi.is\/en\/#website"},"breadcrumb":{"@id":"https:\/\/fokus.hi.is\/en\/dyrmaet-innsyn-i-reynslu-folks-sem-vill-bua-i-haeglatara-samfelagi\/#breadcrumblist"},"author":{"@id":"https:\/\/fokus.hi.is\/en\/author\/auduradalsteins\/#author"},"creator":{"@id":"https:\/\/fokus.hi.is\/en\/author\/auduradalsteins\/#author"},"image":{"@type":"ImageObject","url":"https:\/\/fokus.hi.is\/wp-content\/uploads\/2026\/08\/photo-collage.png.png","@id":"https:\/\/fokus.hi.is\/en\/dyrmaet-innsyn-i-reynslu-folks-sem-vill-bua-i-haeglatara-samfelagi\/#mainImage","width":1080,"height":817},"primaryImageOfPage":{"@id":"https:\/\/fokus.hi.is\/en\/dyrmaet-innsyn-i-reynslu-folks-sem-vill-bua-i-haeglatara-samfelagi\/#mainImage"},"datePublished":"2026-08-14T12:08:58+00:00","dateModified":"2026-09-05T13:30:45+00:00"},{"@type":"WebSite","@id":"https:\/\/fokus.hi.is\/en\/#website","url":"https:\/\/fokus.hi.is\/en\/","name":"WP vefir fyrir H\u00cd","inLanguage":"en-GB","publisher":{"@id":"https:\/\/fokus.hi.is\/en\/#organization"}}]},"og:locale":"en_GB","og:site_name":"Fokus.hi.is -","og:type":"article","og:title":"D\u00fdrm\u00e6t inns\u00fdn \u00ed reynslu f\u00f3lks sem vill b\u00faa \u00ed h\u00e6gl\u00e1tara samf\u00e9lagi - Fokus.hi.is","og:description":"Rannveig \u00c1g\u00fasta Gu\u00f0j\u00f3nsd\u00f3ttir n\u00fddoktor vi\u00f0 verkefni\u00f0 hefur s\u00ed\u00f0an \u00ed lok apr\u00edl safna\u00f0 vi\u00f0t\u00f6lum vi\u00f0 fj\u00f6lskyldur v\u00ed\u00f0svegar um landi\u00f0. \u00cd byrjun sumars f\u00f3r h\u00fan hringinn \u00ed kringum landi\u00f0 a\u00f0 taka vi\u00f0t\u00f6l en h\u00fan hefur einnig fari\u00f0 styttri fer\u00f0ir \u00e1 afm\u00f6rku\u00f0 sv\u00e6\u00f0i \u00e1 landsbygg\u00f0inni. Dagskr\u00e1in \u00ed hringfer\u00f0inni var \u00fe\u00e9tt. Rannveig t\u00f3k yfirleitt m\u00f6rg vi\u00f0t\u00f6l \u00e1 dag og","og:url":"https:\/\/fokus.hi.is\/en\/dyrmaet-innsyn-i-reynslu-folks-sem-vill-bua-i-haeglatara-samfelagi\/","og:image":"https:\/\/fokus.hi.is\/wp-content\/uploads\/2023\/01\/footer-logo.png","og:image:secure_url":"https:\/\/fokus.hi.is\/wp-content\/uploads\/2023\/01\/footer-logo.png","article:published_time":"2026-08-14T12:08:58+00:00","article:modified_time":"2026-09-05T13:30:45+00:00","twitter:card":"summary_large_image","twitter:title":"D\u00fdrm\u00e6t inns\u00fdn \u00ed reynslu f\u00f3lks sem vill b\u00faa \u00ed h\u00e6gl\u00e1tara samf\u00e9lagi - Fokus.hi.is","twitter:description":"Rannveig \u00c1g\u00fasta Gu\u00f0j\u00f3nsd\u00f3ttir n\u00fddoktor vi\u00f0 verkefni\u00f0 hefur s\u00ed\u00f0an \u00ed lok apr\u00edl safna\u00f0 vi\u00f0t\u00f6lum vi\u00f0 fj\u00f6lskyldur v\u00ed\u00f0svegar um landi\u00f0. \u00cd byrjun sumars f\u00f3r h\u00fan hringinn \u00ed kringum landi\u00f0 a\u00f0 taka vi\u00f0t\u00f6l en h\u00fan hefur einnig fari\u00f0 styttri fer\u00f0ir \u00e1 afm\u00f6rku\u00f0 sv\u00e6\u00f0i \u00e1 landsbygg\u00f0inni. Dagskr\u00e1in \u00ed hringfer\u00f0inni var \u00fe\u00e9tt. Rannveig t\u00f3k yfirleitt m\u00f6rg vi\u00f0t\u00f6l \u00e1 dag og","twitter:image":"https:\/\/fokus.hi.is\/wp-content\/uploads\/2023\/01\/footer-logo.png"},"aioseo_meta_data":{"post_id":"2226","title":null,"description":null,"keywords":null,"keyphrases":{"focus":{"keyphrase":"Fr\u00e9ttir","score":0,"analysis":[]},"additional":[]},"primary_term":null,"canonical_url":null,"og_title":null,"og_description":null,"og_object_type":"default","og_image_type":"default","og_image_url":null,"og_image_width":null,"og_image_height":null,"og_image_custom_url":null,"og_image_custom_fields":null,"og_video":"","og_custom_url":null,"og_article_section":null,"og_article_tags":null,"twitter_use_og":false,"twitter_card":"default","twitter_image_type":"default","twitter_image_url":null,"twitter_image_custom_url":null,"twitter_image_custom_fields":null,"twitter_title":null,"twitter_description":null,"schema":{"blockGraphs":[],"customGraphs":[],"default":{"data":{"Article":[],"Course":[],"Dataset":[],"FAQPage":[],"Movie":[],"Person":[],"Product":[],"ProductReview":[],"Car":[],"Recipe":[],"Service":[],"SoftwareApplication":[],"WebPage":[]},"graphName":"BlogPosting","isEnabled":true},"graphs":[]},"schema_type":"default","schema_type_options":null,"pillar_content":false,"robots_default":true,"robots_noindex":false,"robots_noarchive":false,"robots_nosnippet":false,"robots_nofollow":false,"robots_noimageindex":false,"robots_noodp":false,"robots_notranslate":false,"robots_max_snippet":"-1","robots_max_videopreview":"-1","robots_max_imagepreview":"large","priority":null,"frequency":"default","local_seo":null,"breadcrumb_settings":null,"limit_modified_date":false,"ai":{"faqs":[],"keyPoints":[],"schemas":[],"titles":[],"descriptions":[],"socialPosts":{"email":{"subject":"","preview":"","content":""},"linkedin":[],"twitter":[],"facebook":[],"instagram":[]}},"created":"2026-09-05 11:15:09","updated":"2026-09-05 18:25:30","seo_analyzer_scan_date":null,"focus_keyword":"Fr\u00e9ttir","additional_keywords":null,"truseo_locale":null},"aioseo_breadcrumb":"<div class=\"aioseo-breadcrumbs\"><span class=\"aioseo-breadcrumb\">\n\t\t\t<a href=\"https:\/\/fokus.hi.is\/en\" title=\"Heim\">Heim<\/a>\n\t\t<\/span><span class=\"aioseo-breadcrumb-separator\">\u00bb<\/span><span class=\"aioseo-breadcrumb\">\n\t\t\t<a href=\"https:\/\/fokus.hi.is\/en\/category\/frett\/\" title=\"Fr\u00e9tt\">Fr\u00e9tt<\/a>\n\t\t<\/span><span class=\"aioseo-breadcrumb-separator\">\u00bb<\/span><span class=\"aioseo-breadcrumb\">\n\t\t\tD\u00fdrm\u00e6t inns\u00fdn \u00ed reynslu f\u00f3lks sem vill b\u00faa \u00ed h\u00e6gl\u00e1tara samf\u00e9lagi\n\t\t<\/span><\/div>","aioseo_breadcrumb_json":[{"label":"Heim","link":"https:\/\/fokus.hi.is\/en"},{"label":"Fr\u00e9tt","link":"https:\/\/fokus.hi.is\/en\/category\/frett\/"},{"label":"D\u00fdrm\u00e6t inns\u00fdn \u00ed reynslu f\u00f3lks sem vill b\u00faa \u00ed h\u00e6gl\u00e1tara samf\u00e9lagi","link":"https:\/\/fokus.hi.is\/en\/dyrmaet-innsyn-i-reynslu-folks-sem-vill-bua-i-haeglatara-samfelagi\/"}],"_links":{"self":[{"href":"https:\/\/fokus.hi.is\/en\/wp-json\/wp\/v2\/posts\/2226","targetHints":{"allow":["GET"]}}],"collection":[{"href":"https:\/\/fokus.hi.is\/en\/wp-json\/wp\/v2\/posts"}],"about":[{"href":"https:\/\/fokus.hi.is\/en\/wp-json\/wp\/v2\/types\/post"}],"author":[{"embeddable":true,"href":"https:\/\/fokus.hi.is\/en\/wp-json\/wp\/v2\/users\/14"}],"replies":[{"embeddable":true,"href":"https:\/\/fokus.hi.is\/en\/wp-json\/wp\/v2\/comments?post=2226"}],"version-history":[{"count":4,"href":"https:\/\/fokus.hi.is\/en\/wp-json\/wp\/v2\/posts\/2226\/revisions"}],"predecessor-version":[{"id":2233,"href":"https:\/\/fokus.hi.is\/en\/wp-json\/wp\/v2\/posts\/2226\/revisions\/2233"}],"wp:featuredmedia":[{"embeddable":true,"href":"https:\/\/fokus.hi.is\/en\/wp-json\/wp\/v2\/media\/2234"}],"wp:attachment":[{"href":"https:\/\/fokus.hi.is\/en\/wp-json\/wp\/v2\/media?parent=2226"}],"wp:term":[{"taxonomy":"category","embeddable":true,"href":"https:\/\/fokus.hi.is\/en\/wp-json\/wp\/v2\/categories?post=2226"},{"taxonomy":"post_tag","embeddable":true,"href":"https:\/\/fokus.hi.is\/en\/wp-json\/wp\/v2\/tags?post=2226"}],"curies":[{"name":"wp","href":"https:\/\/api.w.org\/{rel}","templated":true}]}}